{"id":14746,"date":"2022-06-09T13:42:13","date_gmt":"2022-06-09T13:42:13","guid":{"rendered":"https:\/\/margill.com\/fr\/?p=14746"},"modified":"2026-01-27T10:20:19","modified_gmt":"2026-01-27T15:20:19","slug":"quel-seront-les-repercussions-du-controverse-projet-de-loi-96-sur-les-preteurs-et-les-emprunteurs","status":"publish","type":"post","link":"https:\/\/margill.com\/fr\/quel-seront-les-repercussions-du-controverse-projet-de-loi-96-sur-les-preteurs-et-les-emprunteurs\/","title":{"rendered":"Quel seront les r\u00e9percussions du controvers\u00e9 projet de loi 96 sur les pr\u00eateurs et les emprunteurs?"},"content":{"rendered":"<p>Me Suzanne Villeneuve a \u00e9crit un texte dans le blogue du site Web du cabinet KRB sur les r\u00e9percussions que pourraient avoir le projet de loi 96, r\u00e9formant la <em>Charte de la langue fran\u00e7aise,<\/em> sur les pr\u00eateurs et les emprunteurs.<\/p>\n<p><a href=\"https:\/\/krblaw.ca\/fr\/quel-seront-les-repercussions-du-controverse-projet-de-loi-96-sur-les-preteurs-et-les-emprunteurs\/\" target=\"_blank\" rel=\"noopener\">Cliquez ici pour lire le texte<\/a><\/p>\n","protected":false},"excerpt":{"rendered":"<p>Me Suzanne Villeneuve a \u00e9crit un texte dans le blogue du site Web du cabinet KRB sur les r\u00e9percussions que pourraient avoir le projet de loi 96, r\u00e9formant la Charte de la langue fran\u00e7aise, sur les pr\u00eateurs et les emprunteurs. Cliquez ici pour lire le texte<\/p>\n","protected":false},"author":23,"featured_media":14745,"comment_status":"closed","ping_status":"open","sticky":false,"template":"articles-fr","format":"standard","meta":{"_crdt_document":"","footnotes":""},"categories":[422],"tags":[],"class_list":["post-14746","post","type-post","status-publish","format-standard","has-post-thumbnail","hentry","category-margill-et-actualites"],"yoast_head":"<!-- This site is optimized with the Yoast SEO plugin v27.2 - https:\/\/yoast.com\/product\/yoast-seo-wordpress\/ -->\r\n<title>Quel seront les r\u00e9percussions du controvers\u00e9 projet de loi 96 sur les pr\u00eateurs et les emprunteurs? - Margill<\/title>\r\n<meta name=\"robots\" content=\"index, follow, max-snippet:-1, max-image-preview:large, max-video-preview:-1\" \/>\r\n<link rel=\"canonical\" href=\"https:\/\/margill.com\/fr\/quel-seront-les-repercussions-du-controverse-projet-de-loi-96-sur-les-preteurs-et-les-emprunteurs\/\" \/>\r\n<meta property=\"og:locale\" content=\"fr_FR\" \/>\r\n<meta property=\"og:type\" content=\"article\" \/>\r\n<meta property=\"og:title\" content=\"Quel seront les r\u00e9percussions du controvers\u00e9 projet de loi 96 sur les pr\u00eateurs et les emprunteurs? - Margill\" \/>\r\n<meta property=\"og:description\" content=\"Me Suzanne Villeneuve a \u00e9crit un texte dans le blogue du site Web du cabinet KRB sur les r\u00e9percussions que pourraient avoir le projet de loi 96, r\u00e9formant la Charte de la langue fran\u00e7aise, sur les pr\u00eateurs et les emprunteurs. Cliquez ici pour lire le texte\" \/>\r\n<meta property=\"og:url\" content=\"https:\/\/margill.com\/fr\/quel-seront-les-repercussions-du-controverse-projet-de-loi-96-sur-les-preteurs-et-les-emprunteurs\/\" \/>\r\n<meta property=\"og:site_name\" content=\"Margill\" \/>\r\n<meta property=\"article:published_time\" content=\"2022-06-09T13:42:13+00:00\" \/>\r\n<meta property=\"article:modified_time\" content=\"2026-01-27T15:20:19+00:00\" \/>\r\n<meta property=\"og:image\" content=\"https:\/\/margill.com\/wp-content\/uploads\/2022\/06\/Blog-Photo.png\" \/>\r\n\t<meta property=\"og:image:width\" content=\"1000\" \/>\r\n\t<meta property=\"og:image:height\" content=\"693\" \/>\r\n\t<meta property=\"og:image:type\" content=\"image\/png\" \/>\r\n<meta name=\"author\" content=\"Kim Ouellette\" \/>\r\n<meta name=\"twitter:card\" content=\"summary_large_image\" \/>\r\n<meta name=\"twitter:label1\" content=\"\u00c9crit par\" \/>\n\t<meta name=\"twitter:data1\" content=\"Kim Ouellette\" \/>\r\n<script type=\"application\/ld+json\" class=\"yoast-schema-graph\">{\"@context\":\"https:\/\/schema.org\",\"@graph\":[{\"@type\":\"Article\",\"@id\":\"https:\/\/margill.com\/fr\/quel-seront-les-repercussions-du-controverse-projet-de-loi-96-sur-les-preteurs-et-les-emprunteurs\/#article\",\"isPartOf\":{\"@id\":\"https:\/\/margill.com\/fr\/quel-seront-les-repercussions-du-controverse-projet-de-loi-96-sur-les-preteurs-et-les-emprunteurs\/\"},\"author\":{\"name\":\"Kim Ouellette\",\"@id\":\"https:\/\/margill.com\/fr\/#\/schema\/person\/fb5fb76af498fd0e71cd304825c2c777\"},\"headline\":\"Quel seront les r\u00e9percussions du controvers\u00e9 projet de loi 96 sur les pr\u00eateurs et les emprunteurs?\",\"datePublished\":\"2022-06-09T13:42:13+00:00\",\"dateModified\":\"2026-01-27T15:20:19+00:00\",\"mainEntityOfPage\":{\"@id\":\"https:\/\/margill.com\/fr\/quel-seront-les-repercussions-du-controverse-projet-de-loi-96-sur-les-preteurs-et-les-emprunteurs\/\"},\"wordCount\":66,\"image\":{\"@id\":\"https:\/\/margill.com\/fr\/quel-seront-les-repercussions-du-controverse-projet-de-loi-96-sur-les-preteurs-et-les-emprunteurs\/#primaryimage\"},\"thumbnailUrl\":\"https:\/\/margill.com\/wp-content\/uploads\/2022\/06\/Blog-Photo.png\",\"articleSection\":[\"Margill et Actualit\u00e9s\"],\"inLanguage\":\"fr-FR\"},{\"@type\":\"WebPage\",\"@id\":\"https:\/\/margill.com\/fr\/quel-seront-les-repercussions-du-controverse-projet-de-loi-96-sur-les-preteurs-et-les-emprunteurs\/\",\"url\":\"https:\/\/margill.com\/fr\/quel-seront-les-repercussions-du-controverse-projet-de-loi-96-sur-les-preteurs-et-les-emprunteurs\/\",\"name\":\"Quel seront les r\u00e9percussions du controvers\u00e9 projet de loi 96 sur les pr\u00eateurs et les emprunteurs? - Margill\",\"isPartOf\":{\"@id\":\"https:\/\/margill.com\/fr\/#website\"},\"primaryImageOfPage\":{\"@id\":\"https:\/\/margill.com\/fr\/quel-seront-les-repercussions-du-controverse-projet-de-loi-96-sur-les-preteurs-et-les-emprunteurs\/#primaryimage\"},\"image\":{\"@id\":\"https:\/\/margill.com\/fr\/quel-seront-les-repercussions-du-controverse-projet-de-loi-96-sur-les-preteurs-et-les-emprunteurs\/#primaryimage\"},\"thumbnailUrl\":\"https:\/\/margill.com\/wp-content\/uploads\/2022\/06\/Blog-Photo.png\",\"datePublished\":\"2022-06-09T13:42:13+00:00\",\"dateModified\":\"2026-01-27T15:20:19+00:00\",\"author\":{\"@id\":\"https:\/\/margill.com\/fr\/#\/schema\/person\/fb5fb76af498fd0e71cd304825c2c777\"},\"breadcrumb\":{\"@id\":\"https:\/\/margill.com\/fr\/quel-seront-les-repercussions-du-controverse-projet-de-loi-96-sur-les-preteurs-et-les-emprunteurs\/#breadcrumb\"},\"inLanguage\":\"fr-FR\",\"potentialAction\":[{\"@type\":\"ReadAction\",\"target\":[\"https:\/\/margill.com\/fr\/quel-seront-les-repercussions-du-controverse-projet-de-loi-96-sur-les-preteurs-et-les-emprunteurs\/\"]}]},{\"@type\":\"ImageObject\",\"inLanguage\":\"fr-FR\",\"@id\":\"https:\/\/margill.com\/fr\/quel-seront-les-repercussions-du-controverse-projet-de-loi-96-sur-les-preteurs-et-les-emprunteurs\/#primaryimage\",\"url\":\"https:\/\/margill.com\/wp-content\/uploads\/2022\/06\/Blog-Photo.png\",\"contentUrl\":\"https:\/\/margill.com\/wp-content\/uploads\/2022\/06\/Blog-Photo.png\",\"width\":1000,\"height\":693},{\"@type\":\"BreadcrumbList\",\"@id\":\"https:\/\/margill.com\/fr\/quel-seront-les-repercussions-du-controverse-projet-de-loi-96-sur-les-preteurs-et-les-emprunteurs\/#breadcrumb\",\"itemListElement\":[{\"@type\":\"ListItem\",\"position\":1,\"name\":\"Home\",\"item\":\"https:\/\/margill.com\/fr\/\"},{\"@type\":\"ListItem\",\"position\":2,\"name\":\"Quel seront les r\u00e9percussions du controvers\u00e9 projet de loi 96 sur les pr\u00eateurs et les emprunteurs?\"}]},{\"@type\":\"WebSite\",\"@id\":\"https:\/\/margill.com\/fr\/#website\",\"url\":\"https:\/\/margill.com\/fr\/\",\"name\":\"Margill\",\"description\":\"Loan Servicing Solutions \/ Interest Calculators\",\"potentialAction\":[{\"@type\":\"SearchAction\",\"target\":{\"@type\":\"EntryPoint\",\"urlTemplate\":\"https:\/\/margill.com\/fr\/?s={search_term_string}\"},\"query-input\":{\"@type\":\"PropertyValueSpecification\",\"valueRequired\":true,\"valueName\":\"search_term_string\"}}],\"inLanguage\":\"fr-FR\"},{\"@type\":\"Person\",\"@id\":\"https:\/\/margill.com\/fr\/#\/schema\/person\/fb5fb76af498fd0e71cd304825c2c777\",\"name\":\"Kim Ouellette\"}]}<\/script>\r\n<!-- \/ Yoast SEO plugin. -->","yoast_head_json":{"title":"Quel seront les r\u00e9percussions du controvers\u00e9 projet de loi 96 sur les pr\u00eateurs et les emprunteurs? - Margill","robots":{"index":"index","follow":"follow","max-snippet":"max-snippet:-1","max-image-preview":"max-image-preview:large","max-video-preview":"max-video-preview:-1"},"canonical":"https:\/\/margill.com\/fr\/quel-seront-les-repercussions-du-controverse-projet-de-loi-96-sur-les-preteurs-et-les-emprunteurs\/","og_locale":"fr_FR","og_type":"article","og_title":"Quel seront les r\u00e9percussions du controvers\u00e9 projet de loi 96 sur les pr\u00eateurs et les emprunteurs? - Margill","og_description":"Me Suzanne Villeneuve a \u00e9crit un texte dans le blogue du site Web du cabinet KRB sur les r\u00e9percussions que pourraient avoir le projet de loi 96, r\u00e9formant la Charte de la langue fran\u00e7aise, sur les pr\u00eateurs et les emprunteurs. Cliquez ici pour lire le texte","og_url":"https:\/\/margill.com\/fr\/quel-seront-les-repercussions-du-controverse-projet-de-loi-96-sur-les-preteurs-et-les-emprunteurs\/","og_site_name":"Margill","article_published_time":"2022-06-09T13:42:13+00:00","article_modified_time":"2026-01-27T15:20:19+00:00","og_image":[{"width":1000,"height":693,"url":"https:\/\/margill.com\/wp-content\/uploads\/2022\/06\/Blog-Photo.png","type":"image\/png"}],"author":"Kim Ouellette","twitter_card":"summary_large_image","twitter_misc":{"\u00c9crit par":"Kim Ouellette"},"schema":{"@context":"https:\/\/schema.org","@graph":[{"@type":"Article","@id":"https:\/\/margill.com\/fr\/quel-seront-les-repercussions-du-controverse-projet-de-loi-96-sur-les-preteurs-et-les-emprunteurs\/#article","isPartOf":{"@id":"https:\/\/margill.com\/fr\/quel-seront-les-repercussions-du-controverse-projet-de-loi-96-sur-les-preteurs-et-les-emprunteurs\/"},"author":{"name":"Kim Ouellette","@id":"https:\/\/margill.com\/fr\/#\/schema\/person\/fb5fb76af498fd0e71cd304825c2c777"},"headline":"Quel seront les r\u00e9percussions du controvers\u00e9 projet de loi 96 sur les pr\u00eateurs et les emprunteurs?","datePublished":"2022-06-09T13:42:13+00:00","dateModified":"2026-01-27T15:20:19+00:00","mainEntityOfPage":{"@id":"https:\/\/margill.com\/fr\/quel-seront-les-repercussions-du-controverse-projet-de-loi-96-sur-les-preteurs-et-les-emprunteurs\/"},"wordCount":66,"image":{"@id":"https:\/\/margill.com\/fr\/quel-seront-les-repercussions-du-controverse-projet-de-loi-96-sur-les-preteurs-et-les-emprunteurs\/#primaryimage"},"thumbnailUrl":"https:\/\/margill.com\/wp-content\/uploads\/2022\/06\/Blog-Photo.png","articleSection":["Margill et Actualit\u00e9s"],"inLanguage":"fr-FR"},{"@type":"WebPage","@id":"https:\/\/margill.com\/fr\/quel-seront-les-repercussions-du-controverse-projet-de-loi-96-sur-les-preteurs-et-les-emprunteurs\/","url":"https:\/\/margill.com\/fr\/quel-seront-les-repercussions-du-controverse-projet-de-loi-96-sur-les-preteurs-et-les-emprunteurs\/","name":"Quel seront les r\u00e9percussions du controvers\u00e9 projet de loi 96 sur les pr\u00eateurs et les emprunteurs? - Margill","isPartOf":{"@id":"https:\/\/margill.com\/fr\/#website"},"primaryImageOfPage":{"@id":"https:\/\/margill.com\/fr\/quel-seront-les-repercussions-du-controverse-projet-de-loi-96-sur-les-preteurs-et-les-emprunteurs\/#primaryimage"},"image":{"@id":"https:\/\/margill.com\/fr\/quel-seront-les-repercussions-du-controverse-projet-de-loi-96-sur-les-preteurs-et-les-emprunteurs\/#primaryimage"},"thumbnailUrl":"https:\/\/margill.com\/wp-content\/uploads\/2022\/06\/Blog-Photo.png","datePublished":"2022-06-09T13:42:13+00:00","dateModified":"2026-01-27T15:20:19+00:00","author":{"@id":"https:\/\/margill.com\/fr\/#\/schema\/person\/fb5fb76af498fd0e71cd304825c2c777"},"breadcrumb":{"@id":"https:\/\/margill.com\/fr\/quel-seront-les-repercussions-du-controverse-projet-de-loi-96-sur-les-preteurs-et-les-emprunteurs\/#breadcrumb"},"inLanguage":"fr-FR","potentialAction":[{"@type":"ReadAction","target":["https:\/\/margill.com\/fr\/quel-seront-les-repercussions-du-controverse-projet-de-loi-96-sur-les-preteurs-et-les-emprunteurs\/"]}]},{"@type":"ImageObject","inLanguage":"fr-FR","@id":"https:\/\/margill.com\/fr\/quel-seront-les-repercussions-du-controverse-projet-de-loi-96-sur-les-preteurs-et-les-emprunteurs\/#primaryimage","url":"https:\/\/margill.com\/wp-content\/uploads\/2022\/06\/Blog-Photo.png","contentUrl":"https:\/\/margill.com\/wp-content\/uploads\/2022\/06\/Blog-Photo.png","width":1000,"height":693},{"@type":"BreadcrumbList","@id":"https:\/\/margill.com\/fr\/quel-seront-les-repercussions-du-controverse-projet-de-loi-96-sur-les-preteurs-et-les-emprunteurs\/#breadcrumb","itemListElement":[{"@type":"ListItem","position":1,"name":"Home","item":"https:\/\/margill.com\/fr\/"},{"@type":"ListItem","position":2,"name":"Quel seront les r\u00e9percussions du controvers\u00e9 projet de loi 96 sur les pr\u00eateurs et les emprunteurs?"}]},{"@type":"WebSite","@id":"https:\/\/margill.com\/fr\/#website","url":"https:\/\/margill.com\/fr\/","name":"Margill","description":"Loan Servicing Solutions \/ Interest Calculators","potentialAction":[{"@type":"SearchAction","target":{"@type":"EntryPoint","urlTemplate":"https:\/\/margill.com\/fr\/?s={search_term_string}"},"query-input":{"@type":"PropertyValueSpecification","valueRequired":true,"valueName":"search_term_string"}}],"inLanguage":"fr-FR"},{"@type":"Person","@id":"https:\/\/margill.com\/fr\/#\/schema\/person\/fb5fb76af498fd0e71cd304825c2c777","name":"Kim Ouellette"}]}},"_links":{"self":[{"href":"https:\/\/margill.com\/fr\/wp-json\/wp\/v2\/posts\/14746","targetHints":{"allow":["GET"]}}],"collection":[{"href":"https:\/\/margill.com\/fr\/wp-json\/wp\/v2\/posts"}],"about":[{"href":"https:\/\/margill.com\/fr\/wp-json\/wp\/v2\/types\/post"}],"author":[{"embeddable":true,"href":"https:\/\/margill.com\/fr\/wp-json\/wp\/v2\/users\/23"}],"replies":[{"embeddable":true,"href":"https:\/\/margill.com\/fr\/wp-json\/wp\/v2\/comments?post=14746"}],"version-history":[{"count":2,"href":"https:\/\/margill.com\/fr\/wp-json\/wp\/v2\/posts\/14746\/revisions"}],"predecessor-version":[{"id":14748,"href":"https:\/\/margill.com\/fr\/wp-json\/wp\/v2\/posts\/14746\/revisions\/14748"}],"wp:featuredmedia":[{"embeddable":true,"href":"https:\/\/margill.com\/fr\/wp-json\/wp\/v2\/media\/14745"}],"wp:attachment":[{"href":"https:\/\/margill.com\/fr\/wp-json\/wp\/v2\/media?parent=14746"}],"wp:term":[{"taxonomy":"category","embeddable":true,"href":"https:\/\/margill.com\/fr\/wp-json\/wp\/v2\/categories?post=14746"},{"taxonomy":"post_tag","embeddable":true,"href":"https:\/\/margill.com\/fr\/wp-json\/wp\/v2\/tags?post=14746"}],"curies":[{"name":"wp","href":"https:\/\/api.w.org\/{rel}","templated":true}]}}